{"id":2255,"date":"2025-10-10T12:39:41","date_gmt":"2025-10-10T10:39:41","guid":{"rendered":"https:\/\/capse-project.eu\/intervencion-de-carmen-marcuello-espana\/"},"modified":"2025-10-10T13:40:46","modified_gmt":"2025-10-10T11:40:46","slug":"intervencion-de-carmen-marcuello-espana","status":"publish","type":"post","link":"https:\/\/capse-project.eu\/es\/intervencion-de-carmen-marcuello-espana\/","title":{"rendered":"Intervenci\u00f3n de Carmen Marcuello \u2013 Espa\u00f1a"},"content":{"rendered":"\t\t<div data-elementor-type=\"wp-post\" data-elementor-id=\"2255\" class=\"elementor elementor-2255 elementor-2244\" data-elementor-post-type=\"post\">\n\t\t\t\t<div class=\"elementor-element elementor-element-dad30ef e-flex e-con-boxed e-con e-parent\" data-id=\"dad30ef\" data-element_type=\"container\">\n\t\t\t\t\t<div class=\"e-con-inner\">\n\t\t\t\t<div class=\"elementor-element elementor-element-3a22fe3 elementor-widget elementor-widget-text-editor\" data-id=\"3a22fe3\" data-element_type=\"widget\" data-widget_type=\"text-editor.default\">\n\t\t\t\t<div class=\"elementor-widget-container\">\n\t\t\t\t\t\t\t\t\t<div data-olk-copy-source=\"MessageBody\"><strong>Carmen Marcuello<\/strong>, presidenta de la Comisi\u00f3n Cient\u00edfica de Econom\u00eda Social y Cooperativa de CIRIEC-Internacional y profesora titular de la Universidad de Zaragoza, asisti\u00f3 al <strong>evento del proyecto CAPSE<\/strong> el 10 de julio de 2025 en Madrid.<\/div><div><br \/>A continuaci\u00f3n, puede ver su intervenci\u00f3n de la conferencia titulada <em>\u00abHacia una econom\u00eda social y cooperativa paritaria: retos y oportunidades\u00bb.<\/em><\/div>\t\t\t\t\t\t\t\t<\/div>\n\t\t\t\t<\/div>\n\t\t\t\t\t<\/div>\n\t\t\t\t<\/div>\n\t\t<div class=\"elementor-element elementor-element-a02a7bd e-flex e-con-boxed e-con e-parent\" data-id=\"a02a7bd\" data-element_type=\"container\">\n\t\t\t\t\t<div class=\"e-con-inner\">\n\t\t\t\t<div class=\"elementor-element elementor-element-71a5992 elementor-widget elementor-widget-video\" data-id=\"71a5992\" data-element_type=\"widget\" data-settings=\"{&quot;youtube_url&quot;:&quot;https:\\\/\\\/www.youtube.com\\\/watch?v=RqJI727wI8c&quot;,&quot;video_type&quot;:&quot;youtube&quot;,&quot;controls&quot;:&quot;yes&quot;}\" data-widget_type=\"video.default\">\n\t\t\t\t<div class=\"elementor-widget-container\">\n\t\t\t\t\t\t\t<div class=\"elementor-wrapper elementor-open-inline\">\n\t\t\t<div class=\"elementor-video\"><\/div>\t\t<\/div>\n\t\t\t\t\t\t<\/div>\n\t\t\t\t<\/div>\n\t\t\t\t\t<\/div>\n\t\t\t\t<\/div>\n\t\t\t\t<\/div>\n\t\t","protected":false},"excerpt":{"rendered":"<p>Carmen Marcuello, presidenta de la Comisi\u00f3n Cient\u00edfica de Econom\u00eda Social y Cooperativa de CIRIEC-Internacional y profesora titular de la Universidad de Zaragoza, asisti\u00f3 al evento del proyecto CAPSE el 10 de julio de 2025 en Madrid.A continuaci\u00f3n, puede ver su intervenci\u00f3n de la conferencia titulada \u00abHacia una econom\u00eda social y cooperativa paritaria: retos y oportunidades\u00bb.https:\/\/www.youtube.com\/watch?v=RqJI727wI8c<\/p>\n","protected":false},"author":2,"featured_media":0,"comment_status":"closed","ping_status":"open","sticky":false,"template":"","format":"standard","meta":{"_acf_changed":false,"footnotes":""},"categories":[11],"tags":[],"class_list":["post-2255","post","type-post","status-publish","format-standard","hentry","category-noticias"],"acf":[],"_links":{"self":[{"href":"https:\/\/capse-project.eu\/es\/wp-json\/wp\/v2\/posts\/2255","targetHints":{"allow":["GET"]}}],"collection":[{"href":"https:\/\/capse-project.eu\/es\/wp-json\/wp\/v2\/posts"}],"about":[{"href":"https:\/\/capse-project.eu\/es\/wp-json\/wp\/v2\/types\/post"}],"author":[{"embeddable":true,"href":"https:\/\/capse-project.eu\/es\/wp-json\/wp\/v2\/users\/2"}],"replies":[{"embeddable":true,"href":"https:\/\/capse-project.eu\/es\/wp-json\/wp\/v2\/comments?post=2255"}],"version-history":[{"count":4,"href":"https:\/\/capse-project.eu\/es\/wp-json\/wp\/v2\/posts\/2255\/revisions"}],"predecessor-version":[{"id":2260,"href":"https:\/\/capse-project.eu\/es\/wp-json\/wp\/v2\/posts\/2255\/revisions\/2260"}],"wp:attachment":[{"href":"https:\/\/capse-project.eu\/es\/wp-json\/wp\/v2\/media?parent=2255"}],"wp:term":[{"taxonomy":"category","embeddable":true,"href":"https:\/\/capse-project.eu\/es\/wp-json\/wp\/v2\/categories?post=2255"},{"taxonomy":"post_tag","embeddable":true,"href":"https:\/\/capse-project.eu\/es\/wp-json\/wp\/v2\/tags?post=2255"}],"curies":[{"name":"wp","href":"https:\/\/api.w.org\/{rel}","templated":true}]}}